{"id":3514,"date":"2005-10-07T12:01:19","date_gmt":"2005-10-07T12:01:19","guid":{"rendered":"https:\/\/goulartfilmes.com\/?p=3514"},"modified":"2021-02-07T03:09:22","modified_gmt":"2021-02-07T03:09:22","slug":"jornal-vanguarda-yves-portrays-his-native-land","status":"publish","type":"post","link":"https:\/\/goulartfilmes.com\/pt\/edilamar\/jornal-vanguarda-yves-portrays-his-native-land\/","title":{"rendered":"Jornal Vanguarda: Yves retrata sua terra natal"},"content":{"rendered":"<p class=\"translation-block\">\u201cO curta-metragem\u00a0<em>Edilamar<\/em> foi exibido para cerca de\u00a03.000 pessoas em Urussanga e Lauro M\u00fcller.\u201d<\/p>\n<p class=\"translation-block\">\u201cCom <em>Edilamar<\/em>, Yves Goulart n\u00e3o deixa d\u00favidas quanto ao seu talento e sua habilidade com a linguagem cinematogr\u00e1fica.\u00a0 Mesmo sendo uma produ\u00e7\u00e3o de baixo or\u00e7amento, o filme consegue aquilo que, em \u00faltima inst\u00e2ncia, \u00e9 a fun\u00e7\u00e3o da arte: emocionar o p\u00fablico.\u201d<\/p>\n<p><img decoding=\"async\" class=\"alignnone wp-image-1720 size-full\" src=\"https:\/\/goulartfilmes.com\/wp-content\/uploads\/2021\/02\/Edilamar-Press04.jpg\" alt=\"Jornal Vanguarda: Yves Portrays his Native Land\" width=\"700\" height=\"\" \/><\/p>","protected":false},"excerpt":{"rendered":"<p>&#8220;The short film Edilamar was presented to almost 3000 people in Urussanga and Lauro M\u00fcller.&#8221; &#8220;With Edilamar, there\u2019s no doubt about Yves Goulart\u2019s talent and skill with the cinematography language.\u00a0 Despite being a low budget production, the film was able to do what art is supposed to do in general: thrill the audience.&#8221;<\/p>","protected":false},"author":1,"featured_media":0,"comment_status":"closed","ping_status":"closed","sticky":false,"template":"","format":"standard","meta":{"footnotes":""},"categories":[193],"tags":[291,288,302,196,292,284,207,299,44,287,293,294,290,295,45,296,298,297,285,109,301,300,286,168,110,289,43],"class_list":["post-3514","post","type-post","status-publish","format-standard","hentry","category-edilamar","tag-adriana-farias-de-medeiros","tag-allan-dias-prado","tag-ana-beatriz-herbstrith","tag-antonia-gama","tag-dionysio-damiani","tag-edilamar","tag-fabio-fausto","tag-gilberto-gil","tag-goulart-filmes","tag-instituto-marlin-azul","tag-karollaine-estevan","tag-leandro-pedroso","tag-lilian-martins-ghisi","tag-mairon-nunes","tag-marcelo-nigri","tag-marinete-martins","tag-marlei-cardoso-goulart","tag-mattheus-pereira-machado-maria-de-lurdes-estevan","tag-ministerio-da-cultura","tag-nayglon-goulart","tag-os-mirins","tag-renato-borguetti","tag-revelando-os-brasis","tag-soraia-schug","tag-urussanga","tag-walter-goulart","tag-yves-goulart"],"_links":{"self":[{"href":"https:\/\/goulartfilmes.com\/pt\/wp-json\/wp\/v2\/posts\/3514","targetHints":{"allow":["GET"]}}],"collection":[{"href":"https:\/\/goulartfilmes.com\/pt\/wp-json\/wp\/v2\/posts"}],"about":[{"href":"https:\/\/goulartfilmes.com\/pt\/wp-json\/wp\/v2\/types\/post"}],"author":[{"embeddable":true,"href":"https:\/\/goulartfilmes.com\/pt\/wp-json\/wp\/v2\/users\/1"}],"replies":[{"embeddable":true,"href":"https:\/\/goulartfilmes.com\/pt\/wp-json\/wp\/v2\/comments?post=3514"}],"version-history":[{"count":2,"href":"https:\/\/goulartfilmes.com\/pt\/wp-json\/wp\/v2\/posts\/3514\/revisions"}],"predecessor-version":[{"id":3537,"href":"https:\/\/goulartfilmes.com\/pt\/wp-json\/wp\/v2\/posts\/3514\/revisions\/3537"}],"wp:attachment":[{"href":"https:\/\/goulartfilmes.com\/pt\/wp-json\/wp\/v2\/media?parent=3514"}],"wp:term":[{"taxonomy":"category","embeddable":true,"href":"https:\/\/goulartfilmes.com\/pt\/wp-json\/wp\/v2\/categories?post=3514"},{"taxonomy":"post_tag","embeddable":true,"href":"https:\/\/goulartfilmes.com\/pt\/wp-json\/wp\/v2\/tags?post=3514"}],"curies":[{"name":"wp","href":"https:\/\/api.w.org\/{rel}","templated":true}]}}