{"id":3516,"date":"2005-05-11T12:00:27","date_gmt":"2005-05-11T12:00:27","guid":{"rendered":"https:\/\/goulartfilmes.com\/?p=3516"},"modified":"2021-02-07T02:37:03","modified_gmt":"2021-02-07T02:37:03","slug":"diario-catarinense-space-for-grassroots-cinema","status":"publish","type":"post","link":"https:\/\/goulartfilmes.com\/pt\/edilamar\/diario-catarinense-space-for-grassroots-cinema\/","title":{"rendered":"Di\u00e1rio Catarinense: Espa\u00e7o para o cinema de ra\u00edzes"},"content":{"rendered":"<p><em>por Felipe Lenhart<\/em><\/p>\n<p class=\"translation-block\">\u201c<em>Edilamar<\/em> \u00e9 o nome do v\u00eddeo de fic\u00e7\u00e3o do produtor cultural Yves Goulart, de Urussanga, no Sul do Estado.\u00a0 Ele esteve na solenidade, que contou com a presen\u00e7a do ministro da cultura, Gilberto Gil, do secret\u00e1rio do Audiovisual do minist\u00e9rio, Orlando Senna, e (\u2026).\u201d<\/p>\n<p><img decoding=\"async\" class=\"alignnone wp-image-1720 size-full\" src=\"https:\/\/goulartfilmes.com\/wp-content\/uploads\/2021\/02\/Edilamar-Press05.jpg\" alt=\"Di\u00e1rio Catarinense: Space for grassroots cinema\" width=\"700\" height=\"\" \/><\/p>","protected":false},"excerpt":{"rendered":"<p>by Felipe Lenhart &#8220;Edilamar is the name of the fiction film of cultural producer Yves Goulart, from Urussanga, in the south of the state.\u00a0 He attended the ceremony, as well as Brazilian Culture Minister Gilberto Gil, Brazilian Audiovisual Secretary Orlando Senna, and (\u2026).&#8221;<\/p>","protected":false},"author":1,"featured_media":0,"comment_status":"closed","ping_status":"closed","sticky":false,"template":"","format":"standard","meta":{"footnotes":""},"categories":[193],"tags":[291,288,302,196,292,284,207,299,44,287,293,294,290,295,45,296,298,297,285,109,301,300,286,168,110,289,43],"class_list":["post-3516","post","type-post","status-publish","format-standard","hentry","category-edilamar","tag-adriana-farias-de-medeiros","tag-allan-dias-prado","tag-ana-beatriz-herbstrith","tag-antonia-gama","tag-dionysio-damiani","tag-edilamar","tag-fabio-fausto","tag-gilberto-gil","tag-goulart-filmes","tag-instituto-marlin-azul","tag-karollaine-estevan","tag-leandro-pedroso","tag-lilian-martins-ghisi","tag-mairon-nunes","tag-marcelo-nigri","tag-marinete-martins","tag-marlei-cardoso-goulart","tag-mattheus-pereira-machado-maria-de-lurdes-estevan","tag-ministerio-da-cultura","tag-nayglon-goulart","tag-os-mirins","tag-renato-borguetti","tag-revelando-os-brasis","tag-soraia-schug","tag-urussanga","tag-walter-goulart","tag-yves-goulart"],"_links":{"self":[{"href":"https:\/\/goulartfilmes.com\/pt\/wp-json\/wp\/v2\/posts\/3516","targetHints":{"allow":["GET"]}}],"collection":[{"href":"https:\/\/goulartfilmes.com\/pt\/wp-json\/wp\/v2\/posts"}],"about":[{"href":"https:\/\/goulartfilmes.com\/pt\/wp-json\/wp\/v2\/types\/post"}],"author":[{"embeddable":true,"href":"https:\/\/goulartfilmes.com\/pt\/wp-json\/wp\/v2\/users\/1"}],"replies":[{"embeddable":true,"href":"https:\/\/goulartfilmes.com\/pt\/wp-json\/wp\/v2\/comments?post=3516"}],"version-history":[{"count":1,"href":"https:\/\/goulartfilmes.com\/pt\/wp-json\/wp\/v2\/posts\/3516\/revisions"}],"predecessor-version":[{"id":3517,"href":"https:\/\/goulartfilmes.com\/pt\/wp-json\/wp\/v2\/posts\/3516\/revisions\/3517"}],"wp:attachment":[{"href":"https:\/\/goulartfilmes.com\/pt\/wp-json\/wp\/v2\/media?parent=3516"}],"wp:term":[{"taxonomy":"category","embeddable":true,"href":"https:\/\/goulartfilmes.com\/pt\/wp-json\/wp\/v2\/categories?post=3516"},{"taxonomy":"post_tag","embeddable":true,"href":"https:\/\/goulartfilmes.com\/pt\/wp-json\/wp\/v2\/tags?post=3516"}],"curies":[{"name":"wp","href":"https:\/\/api.w.org\/{rel}","templated":true}]}}