{"id":5487,"date":"2011-03-16T12:00:33","date_gmt":"2011-03-16T12:00:33","guid":{"rendered":"https:\/\/goulartfilmes.com\/?p=5487"},"modified":"2021-12-31T02:13:06","modified_gmt":"2021-12-31T02:13:06","slug":"brazilian-voice-villa-lobos-by-a-soprano-will-screen-at-the-12th-film-festival-in-new-york","status":"publish","type":"post","link":"https:\/\/goulartfilmes.com\/pt\/villa-lobos-by-a-soprano\/brazilian-voice-villa-lobos-by-a-soprano-will-screen-at-the-12th-film-festival-in-new-york\/","title":{"rendered":"Brazilian Voice: Villa-Lobos por uma Soprano ser\u00e1 exibido no 12<sup>o<\/sup> Festival de Filme em New York"},"content":{"rendered":"<p>&#8220;<em>Villa-Lobos por uma Soprano<\/em> foi selecionado para o 12<sup>\u00ba<\/sup> Havana Film Festival em New York (HFFNY).\u201d<\/p>\n<p>\u201cO diretor Yves Goulart e o produtor Marcelo Nigri convidaram a soprano Stela Brand\u00e3o para protagonizar o document\u00e1rio.  Ela \u00e9 uma grande divulgadora da m\u00fasica brasileira e especialmente apaixonada pela obra de Heitor Villa-Lobos.\u201d<\/p>\n<p><img decoding=\"async\" class=\"alignnone wp-image-1720 size-full\" src=\"https:\/\/goulartfilmes.com\/wp-content\/uploads\/2021\/12\/Soprano-Press01.jpg\" alt=\"Brazilian Voice: Villa-Lobos by a Soprano will screen at the 12th Film Festival in New York\" width=\"700\" height=\"\" \/><\/p>","protected":false},"excerpt":{"rendered":"<p>&#8220;Villa-Lobos by a Soprano was selected by the 12th Havana Film Festival New York (HFFNY).&#8221; &#8220;Director Yves Goulart and producer Marcelo Nigri invited soprano Stela Brand\u00e3o to star in the documentary. \u00a0She is an advocate of Brazilian music and in love with Heitor Villa-Lobos&#8217; works.&#8221;<\/p>","protected":false},"author":1,"featured_media":0,"comment_status":"closed","ping_status":"closed","sticky":false,"template":"","format":"standard","meta":{"footnotes":""},"categories":[191],"tags":[312,309,44,135,310,45,308,160,311,43],"class_list":["post-5487","post","type-post","status-publish","format-standard","hentry","category-villa-lobos-by-a-soprano","tag-bachianas-brasileiras","tag-fernando-natalici","tag-goulart-filmes","tag-havana-film-festival-new-york","tag-heitor-villa-lobos","tag-marcelo-nigri","tag-stela-brandao","tag-tim-starnes","tag-villa-lobos","tag-yves-goulart"],"_links":{"self":[{"href":"https:\/\/goulartfilmes.com\/pt\/wp-json\/wp\/v2\/posts\/5487","targetHints":{"allow":["GET"]}}],"collection":[{"href":"https:\/\/goulartfilmes.com\/pt\/wp-json\/wp\/v2\/posts"}],"about":[{"href":"https:\/\/goulartfilmes.com\/pt\/wp-json\/wp\/v2\/types\/post"}],"author":[{"embeddable":true,"href":"https:\/\/goulartfilmes.com\/pt\/wp-json\/wp\/v2\/users\/1"}],"replies":[{"embeddable":true,"href":"https:\/\/goulartfilmes.com\/pt\/wp-json\/wp\/v2\/comments?post=5487"}],"version-history":[{"count":5,"href":"https:\/\/goulartfilmes.com\/pt\/wp-json\/wp\/v2\/posts\/5487\/revisions"}],"predecessor-version":[{"id":5513,"href":"https:\/\/goulartfilmes.com\/pt\/wp-json\/wp\/v2\/posts\/5487\/revisions\/5513"}],"wp:attachment":[{"href":"https:\/\/goulartfilmes.com\/pt\/wp-json\/wp\/v2\/media?parent=5487"}],"wp:term":[{"taxonomy":"category","embeddable":true,"href":"https:\/\/goulartfilmes.com\/pt\/wp-json\/wp\/v2\/categories?post=5487"},{"taxonomy":"post_tag","embeddable":true,"href":"https:\/\/goulartfilmes.com\/pt\/wp-json\/wp\/v2\/tags?post=5487"}],"curies":[{"name":"wp","href":"https:\/\/api.w.org\/{rel}","templated":true}]}}