{"id":8016,"date":"2025-07-28T12:00:25","date_gmt":"2025-07-28T12:00:25","guid":{"rendered":"https:\/\/goulartfilmes.com\/?p=8016"},"modified":"2025-08-24T22:16:13","modified_gmt":"2025-08-24T22:16:13","slug":"jornal-nd-film-about-aldo-baldin-the-great-brazilian-tenor-hits-theaters","status":"publish","type":"post","link":"https:\/\/goulartfilmes.com\/pt\/aldo-baldin-a-life-for-music\/jornal-nd-film-about-aldo-baldin-the-great-brazilian-tenor-hits-theaters\/","title":{"rendered":"Jornal ND: Chega aos cinemas o filme sobre Aldo Baldin, o grande tenor brasileiro"},"content":{"rendered":"<p><em>Por Paulo Cl\u00f3vis Schmitz<\/em><\/p>\n<p>\u201cJ\u00e1 exibido no FAM (Florian\u00f3polis Audiovisual Mercosul), em outubro de 2024, surge agora a oportunidade de o grande p\u00fablico conhecer o document\u00e1rio que narra a rica \u2013 embora precocemente interrompida \u2013 trajet\u00f3ria de um tenor de enorme talento que nasceu numa fam\u00edlia de colonos de Belvedere, interior de Urussanga, no Sul do Estado, e por m\u00e9ritos pr\u00f3prios ganhou os palcos mais renomados, cantando \u00f3peras dos grandes compositores eruditos.\u201d<\/p>\n<p>\u201cAgora, seu objetivo \u00e9 lan\u00e7ar o livro <em>Aldo Baldin - Uma Vida pela M\u00fasica<\/em>, incluindo muitos materiais que n\u00e3o entraram no document\u00e1rio.\u201d<\/p>\n<p><img decoding=\"async\" class=\"alignnone wp-image-1720 size-full\" src=\"https:\/\/goulartfilmes.com\/wp-content\/uploads\/2025\/08\/Aldo_Press32A.jpg\" alt=\"Jornal ND: Film about Aldo Baldin, the great Brazilian tenor, hits theaters\" width=\"700\" height=\"\" \/><\/p>\n<p><img decoding=\"async\" class=\"alignnone wp-image-1720 size-full\" src=\"https:\/\/goulartfilmes.com\/wp-content\/uploads\/2025\/08\/Aldo_Press32B.jpg\" alt=\"Jornal ND: Film about Aldo Baldin, the great Brazilian tenor, hits theaters\" width=\"700\" height=\"\" \/><\/p>","protected":false},"excerpt":{"rendered":"<p>By Paulo Cl\u00f3vis Schmitz &#8220;Already shown at FAM (Florian\u00f3polis Audiovisual Mercosul) in October 2024, now is the opportunity for the general public to experience the documentary that chronicles the rich journey \u2014 albeit prematurely cut short \u2014 of a tenor of immense talent. Born into a family of settlers in Belvedere, in the countryside of [&hellip;]<\/p>\n","protected":false},"author":1,"featured_media":0,"comment_status":"closed","ping_status":"closed","sticky":false,"template":"","format":"standard","meta":{"footnotes":""},"categories":[306],"tags":[386,447,437,410,405,440,417,400,415,390,418,423,398,399,387,414,438,403,422,379,44,426,392,401,393,407,428,427,143,391,420,431,421,412,444,406,45,408,396,413,430,109,416,419,439,436,409,397,404,395,424,389,394,425,429,160,110,448,388,411,402,43],"class_list":["post-8016","post","type-post","status-publish","format-standard","hentry","category-aldo-baldin-a-life-for-music","tag-aldo-baldin","tag-alex-varela","tag-ancelmo-gois","tag-andreas-keller","tag-bernhard-gartner","tag-bretz-filmes","tag-bruno-klein","tag-celso-antunes","tag-cicinato-cascais-da-silva","tag-cleber-bonotto","tag-darcy-brasiliano-dos-santos","tag-delfina-baldin-sangaletti","tag-edino-krieger","tag-eliane-sampaio","tag-erico-dias","tag-fany-solter","tag-fernanda-pontes","tag-fernando-portari","tag-galileu-sangaletti","tag-giovanna-de-pellegri","tag-goulart-filmes","tag-havana-film-festival","tag-helmuth-rilling","tag-heloisa-nemoto-vergara","tag-hera-lind","tag-hernan-iturralde","tag-in-edit","tag-in-edit-brasil","tag-irene-flesch-baldin","tag-isaac-karabtchevsky","tag-jose-araujo-filho","tag-karajan","tag-laura-lindolfo","tag-lilian-barretto","tag-lu-lacerda","tag-marc-marshall","tag-marcelo-nigri","tag-marga-schiml","tag-maria-lucia-godoy","tag-miguel-proenca","tag-musica-classica","tag-nayglon-goulart","tag-neyde-borges-coelho","tag-noemi-kellermann","tag-o-globo","tag-paulo-clovis-schmitz","tag-peter-lika","tag-roberto-de-regina","tag-roberto-sacca","tag-rolf-beck","tag-serena-flesch-baldin","tag-sidney-schroeder","tag-sir-neville-marriner","tag-sofia-flesch-baldin","tag-tenor","tag-tim-starnes","tag-urussanga","tag-vislun","tag-viviane-rangel","tag-walter-forchert","tag-walter-santos-filho","tag-yves-goulart"],"_links":{"self":[{"href":"https:\/\/goulartfilmes.com\/pt\/wp-json\/wp\/v2\/posts\/8016","targetHints":{"allow":["GET"]}}],"collection":[{"href":"https:\/\/goulartfilmes.com\/pt\/wp-json\/wp\/v2\/posts"}],"about":[{"href":"https:\/\/goulartfilmes.com\/pt\/wp-json\/wp\/v2\/types\/post"}],"author":[{"embeddable":true,"href":"https:\/\/goulartfilmes.com\/pt\/wp-json\/wp\/v2\/users\/1"}],"replies":[{"embeddable":true,"href":"https:\/\/goulartfilmes.com\/pt\/wp-json\/wp\/v2\/comments?post=8016"}],"version-history":[{"count":1,"href":"https:\/\/goulartfilmes.com\/pt\/wp-json\/wp\/v2\/posts\/8016\/revisions"}],"predecessor-version":[{"id":8017,"href":"https:\/\/goulartfilmes.com\/pt\/wp-json\/wp\/v2\/posts\/8016\/revisions\/8017"}],"wp:attachment":[{"href":"https:\/\/goulartfilmes.com\/pt\/wp-json\/wp\/v2\/media?parent=8016"}],"wp:term":[{"taxonomy":"category","embeddable":true,"href":"https:\/\/goulartfilmes.com\/pt\/wp-json\/wp\/v2\/categories?post=8016"},{"taxonomy":"post_tag","embeddable":true,"href":"https:\/\/goulartfilmes.com\/pt\/wp-json\/wp\/v2\/tags?post=8016"}],"curies":[{"name":"wp","href":"https:\/\/api.w.org\/{rel}","templated":true}]}}